{"id":8194,"date":"2023-06-12T12:20:51","date_gmt":"2023-06-12T10:20:51","guid":{"rendered":"https:\/\/www.asta-giessen.de\/?p=8194"},"modified":"2023-10-14T20:22:02","modified_gmt":"2023-10-14T18:22:02","slug":"8194-2","status":"publish","type":"post","link":"https:\/\/www.asta-giessen.de\/en\/8194-2\/","title":{"rendered":""},"content":{"rendered":"<p><strong>Ausschreibung zum Kunstpreis des AStA 2023<\/strong><\/p>\n<p>Hiermit lobt der Allgemeine Studierendenausschuss (AStA) der JLU seinen Kunstpreis des Jahres 2023 aus.<\/p>\n<p>Die Ausschreibung ist mit einem Preisgeld von <strong>100 Euro<\/strong> f\u00fcr den ersten Platz, <strong>50 Euro<\/strong> f\u00fcr den zweiten Platz, <strong>30 Euro<\/strong> f\u00fcr den dritten Platz und <strong>20 Euro<\/strong> f\u00fcr den vierten Platz sowie f\u00fcr die zur Shortlist nominierten Werke mit einer Kunstausstellung verbunden.<\/p>\n<h4>Titel der Ausstellung: <strong>declassify<\/strong><\/h4>\n<p>Klassismus bedeutet, dass Menschen aufgrund ihrer Bildungs- und sozialen Herkunft systematisch und strukturell diskriminiert und unterdr\u00fcckt werden. Das betrifft alle Formen von Diskriminierung, die auf soziale Klassen zur\u00fcckgehen. An Hochschulen gibt es einen bestimmten &#8220;akademischen Habitus&#8221;, der von Menschen gepr\u00e4gt wurde, die eine akademische Ausbildung haben. Dieser Habitus umfasst Regeln, Lebensstil, Sprache und die Art und Weise, wie man sich durch lockeren Small Talk als Teil der akademischen Welt ausweist.<\/p>\n<p>Beispielsweise wird in Diskussionsrunden aus einem inklusiven \u201eIch stimme dir zu\u201c ein ausgrenzendes \u201eDas sekundiere ich\u201c. Kinder aus nichtakademischen Familien m\u00fcssen diese Dinge erst lernen, was berechtigterweise am Anfang einsch\u00fcchternd sein kann und bei Betroffenen das Gef\u00fchl von Ausgeschlossenheit und Wut gegen\u00fcber dem System und denjenigen, die es aufrechterhalten, hinterl\u00e4sst. Nicht nur sprachlich setzt sich diese<br \/>\nBenachteiligung fort. Es gibt Zeitkonflikte beim Lernen und Kursbesuch aufgrund von Nebenjobs, finanzielle H\u00fcrden f\u00fcr unvorhergesehene Seminarausgaben und andere Kosten. Lehrende haben oft wenig Verst\u00e4ndnis f\u00fcr die Herausforderungen, mit denen nichtakademische Studierende konfrontiert sind.<\/p>\n<p><!--more--><\/p>\n<p>Teilnahmebedingungen:<br \/>\nTeilnahmeberechtigt sind alle immatrikulierten studierenden der JLU aller Fachbereiche. Der Rechtsweg ist ausgeschlossen. Ber\u00fccksichtigung finden nur den Ausschreibungskriterien entsprechende und fristgerecht eingereichte Beitr\u00e4ge. Die Beteiligung am Wettbewerb darf nur mit einem Werk erfolgen, das im Fall einer Pr\u00e4mierung bzw. Ausstellungsbeteiligung verf\u00fcgbar ist. Eine nicht vollst\u00e4ndige Einreichung f\u00fchrt zum Ausschluss vom Wettbewerb. Die Bewerber*innen stimmen zu, dass ihre eingereichten Bilder und das ausgestellte Kunstwerk im Rahmen der Berichterstattung \u00fcber den Kunstpreis frei ver\u00f6ffentlicht werden d\u00fcrfen. Falls das Werk zur Teilnahme an der Ausstellung ausgew\u00e4hlt wird, stimmen die Bewerbenden Personen zu, ihre Werke im Original eigenst\u00e4ndig am vorgeschlagenen Ausstellungsort im festgelegten Zeitrahmen anzuliefern. Zur Ausstellung ausgew\u00e4hlte Personen werden telefonisch oder per E-Mail informiert.<\/p>\n<p>Jury:<br \/>\nDie Wahl der Preistragenden wird durch eine unabh\u00e4ngige Jury bestehend aus Vertreter*innen des Antiklassismus-Referats der JLU, des AStA sowie Studierenden der Kunst getroffen.<\/p>\n<p>Bewerbungsverfahren:<br \/>\nBitte konzentriert euch in eurer Bewerbung auf die wesentlichen Informationen, da die Jury eine gro\u00dfe Anzahl von Einreichungen in kurzer Zeit durchsehen muss.<\/p>\n<p>Folgende Unterlagen (nicht das originale Werk) m\u00fcssen eingereicht werden:<\/p>\n<ul>\n<li>1 bis maximal 5 Fotos, die euer Kunstwerk dokumentieren<\/li>\n<li>Ein Datenblatt mit Angaben zu den Ma\u00dfen, dem Gewicht und der verwendeten<br \/>\nTechnik des Werks (\u00d6lgem\u00e4lde, Figur aus Ton etc.)<\/li>\n<li>Ein schriftliches Konzept, das eure Projektidee erkl\u00e4rt und den Bezug eures Kunstwerks<br \/>\nzum Thema (Anti)Klassismus darlegt (maximal 1 Seite)<\/li>\n<li>Angaben eurer Personenbezogene Daten:\n<ul>\n<li>Vorname\u00a0Nachname<\/li>\n<li>Geburtsdatum<\/li>\n<li>Anschrift<\/li>\n<li>Telefonnummer<\/li>\n<li>E-Mail<\/li>\n<li>Studiengang<\/li>\n<li>\u00a0Fachsemester<\/li>\n<li>Matrikelnummer<\/li>\n<\/ul>\n<\/li>\n<li>M\u00f6glichkeiten, eure Bewerbung einzureichen:\n<ul>\n<li>als PDF per E-Mail<\/li>\n<li>per Post an den AStA schicken (nicht gr\u00f6\u00dfer als Din A4)<\/li>\n<li>pers\u00f6nlich im B\u00fcro oder Briefkasten des AStA abgeben<\/li>\n<\/ul>\n<\/li>\n<\/ul>\n<p>Anschrift f\u00fcr Bewerbungen:<\/p>\n<p>E-Mail: area@asta-gie\u00dfen.de\u00a0 \u00a0 \u00a0 \u00a0 <strong>\u00a0(Betreff: Kunstpreis declassify)<\/strong><\/p>\n<p>AStA-B\u00fcro: AStA der JLU Gie\u00dfen<br \/>\nOtto-Behaghel-Stra\u00dfe 25<br \/>\n35394 Gie\u00dfen<\/p>\n<p><strong>Teilnahmeschluss ist der 31.07.2023<\/strong>. Alle Teilnehmenden erhalten im August eine<br \/>\nR\u00fcckmeldung \u00fcber die Entscheidung der Jury. Der weitere Ablauf zur Ausstellung der Originale<br \/>\nund zur Preisverleihung wird in selbiger Mail mitgeteilt. Bei weiteren fragen kontaktiert uns<br \/>\ngerne per Mail, oder \u00fcber unseren Instagram-Kanal <strong>@asta.uni.giessen oder @area_jlu<\/strong>.<\/p>\n<p>Wir w\u00fcnschen allen Teilnehmenden viel Spa\u00df und Erfolg beim Kunstpreis 2023: declassify<\/p>\n<p>Sebastian Weismann<br \/>\nReferent f\u00fcr Antiklassismus (AREA)<br \/>\nAStA der JLU Gie\u00dfen<\/p>\n<pre>Datenschutzerkl\u00e4rung gem\u00e4\u00df DSGVO f\u00fcr die Bewerbung zum Kunstpreis\r\nDer Allgemeine Studierendenausschuss der JLU (AStA) nimmt den Schutz deiner pers\u00f6nlichen\r\nDaten ernst. In dieser Datenschutzerkl\u00e4rung m\u00f6chten wir dich dar\u00fcber informieren, welche\r\npersonenbezogenen Daten wir im Rahmen der Bewerbung zum Kunstpreis sammeln, wie wir\r\nsie verwenden und welche Rechte du in Bezug auf deine Daten hast.\r\nDie Verantwortliche Stelle zur Verarbeitung deiner Daten ist der Allgemeine\r\nStudierendenausschuss der JLU, Otto-Behaghel-Stra\u00dfe 25, 35394 Gie\u00dfen. Zweck und\r\nRechtsgrundlage der Datenverarbeitung: Wir verarbeiten deine personenbezogenen Daten\r\nausschlie\u00dflich f\u00fcr den Zweck der Durchf\u00fchrung des Bewerbungsverfahrens zum Kunstpreis.\r\nDie Rechtsgrundlage f\u00fcr die Verarbeitung deiner Daten ist Art. 6 Abs. 1 lit. b DSGVO, da die\r\nVerarbeitung zur Erf\u00fcllung des Vertrags bzw. zur Durchf\u00fchrung vorvertraglicher Ma\u00dfnahmen\r\nerforderlich ist. Wir erfassen nur die personenbezogenen Daten, die du uns im Rahmen der\r\nBewerbung mitteilst. Dazu z\u00e4hlen Vorname, Nachname, Geburtsdatum, Anschrift,\r\nTelefonnummer, E-Mail, Studiengang, Fachsemester und deine Matrikelnummer. Speicherung\r\nund Weitergabe der Daten: Deine personenbezogenen Daten werden nur f\u00fcr den Zeitraum der\r\nDurchf\u00fchrung des Bewerbungsverfahrens und der Auswahl des Kunstpreistr\u00e4gers gespeichert.\r\nEine Weitergabe deiner Daten an Dritte erfolgt nur, soweit dies zur Durchf\u00fchrung des\r\nBewerbungsverfahrens erforderlich ist (z.B. Jury-Mitglieder). Deine Daten werden nach\r\nBeendigung der Ausstellung von uns gel\u00f6scht. Du hast das Recht, Auskunft \u00fcber die von uns\r\ngespeicherten Daten zu erhalten und die Berichtigung, L\u00f6schung oder Einschr\u00e4nkung der\r\nVerarbeitung deiner Daten zu verlangen. Zudem kannst du der Verarbeitung deiner Daten\r\nwidersprechen und das Recht auf Daten\u00fcbertragbarkeit aus\u00fcben. Bitte wende dich dazu an die\r\noben genannte verantwortliche Stelle.\r\n\r\n\r\nKontakt F\u00fcr weitere Fragen oder Anliegen zum Datenschutz im Zusammenhang mit deiner\r\nBewerbung kannst du dich an die oben genannte Anschrift wenden.<\/pre>\n","protected":false},"excerpt":{"rendered":"<p>Ausschreibung zum Kunstpreis des AStA 2023 Hiermit lobt der Allgemeine Studierendenausschuss (AStA) der JLU seinen Kunstpreis des Jahres 2023 aus. Die Ausschreibung ist mit einem &hellip; <\/p>\n","protected":false},"author":34,"featured_media":8195,"comment_status":"closed","ping_status":"closed","sticky":false,"template":"","format":"standard","meta":{"footnotes":""},"categories":[1],"tags":[],"class_list":["post-8194","post","type-post","status-publish","format-standard","has-post-thumbnail","hentry","category-allgemein","latest_post"],"translation":{"provider":"WPGlobus","version":"3.0.2","language":"en","enabled_languages":["de","en"],"languages":{"de":{"title":false,"content":true,"excerpt":false},"en":{"title":false,"content":false,"excerpt":false}}},"_links":{"self":[{"href":"https:\/\/www.asta-giessen.de\/en\/wp-json\/wp\/v2\/posts\/8194","targetHints":{"allow":["GET"]}}],"collection":[{"href":"https:\/\/www.asta-giessen.de\/en\/wp-json\/wp\/v2\/posts"}],"about":[{"href":"https:\/\/www.asta-giessen.de\/en\/wp-json\/wp\/v2\/types\/post"}],"author":[{"embeddable":true,"href":"https:\/\/www.asta-giessen.de\/en\/wp-json\/wp\/v2\/users\/34"}],"replies":[{"embeddable":true,"href":"https:\/\/www.asta-giessen.de\/en\/wp-json\/wp\/v2\/comments?post=8194"}],"version-history":[{"count":0,"href":"https:\/\/www.asta-giessen.de\/en\/wp-json\/wp\/v2\/posts\/8194\/revisions"}],"wp:featuredmedia":[{"embeddable":true,"href":"https:\/\/www.asta-giessen.de\/en\/wp-json\/wp\/v2\/media\/8195"}],"wp:attachment":[{"href":"https:\/\/www.asta-giessen.de\/en\/wp-json\/wp\/v2\/media?parent=8194"}],"wp:term":[{"taxonomy":"category","embeddable":true,"href":"https:\/\/www.asta-giessen.de\/en\/wp-json\/wp\/v2\/categories?post=8194"},{"taxonomy":"post_tag","embeddable":true,"href":"https:\/\/www.asta-giessen.de\/en\/wp-json\/wp\/v2\/tags?post=8194"}],"curies":[{"name":"wp","href":"https:\/\/api.w.org\/{rel}","templated":true}]}}