{"id":8328,"date":"2023-07-27T09:22:24","date_gmt":"2023-07-27T07:22:24","guid":{"rendered":"https:\/\/www.asta-giessen.de\/?p=8328"},"modified":"2023-07-27T09:22:24","modified_gmt":"2023-07-27T07:22:24","slug":"8328-2","status":"publish","type":"post","link":"https:\/\/www.asta-giessen.de\/en\/8328-2\/","title":{"rendered":""},"content":{"rendered":"<p class=\"s2\" style=\"text-align: center;\">Gemeinsame Pressemitteilung<\/p>\n<p>&nbsp;<\/p>\n<p class=\"s3\" style=\"text-align: right;\">Gie\u00dfen, 20.07.2023<\/p>\n<p>&nbsp;<\/p>\n<h5><span class=\"s4\">Verkauf der Alten <\/span><span class=\"s4\">Universit\u00e4tsbibliothek<\/span><span class=\"s4\">: AStA und Fachschaften warnen vor Verlust von studentischem Raum<\/span><\/h5>\n<p>&nbsp;<\/p>\n<blockquote><p><span class=\"s5\">Die geplante \u00dcbertragung der Alten Universit\u00e4tsbibliothek an die gemeinn\u00fctzige Stiftung &#8220;Momentum &#8211; Stiftung f\u00fcr Industriekultur und Denkmalschutz&#8221; st\u00f6\u00dft auf scharfe Kritik <\/span><span class=\"s5\">vonseiten<\/span><span class=\"s5\"> des Allgemeinen Studierendenausschusses (AStA) und der Fachschaften Kunstp\u00e4dagogik und Angewandte Theaterwissenschaft der Justus-Liebig-Universit\u00e4t. <\/span><\/p><\/blockquote>\n<p>&nbsp;<\/p>\n<p>Die Studierendenvertretung und die Fachschaften betrachten den Verkauf als Verlust von studentischem und \u00f6ffentlichem Raum. &#8220;Die Angewandte Theaterwissenschaft verliert durch den Verkauf ihre einzigen Seminarr\u00e4ume und einen weiteren Proberaum, von denen es bereits jetzt viel zu wenige gibt&#8221;, \u00e4u\u00dfert sich Adrien Einecke von der Fachschaft Angewandte Theaterwissenschaft. &#8220;Seit Jahren sind wir mit K\u00fcrzungen und leeren Versprechen konfrontiert&#8221;, erg\u00e4nzt er. Einecke bef\u00fcrchte, dass der Studiengang durch den Verkauf weiter an Attraktivit\u00e4t verlieren k\u00f6nnte.<\/p>\n<p>Die Alte Universit\u00e4tsbibliothek (AUB) beherbergt zudem aktive Ateliers von Studierenden sowie Ausstellungsfl\u00e4chen, die regelm\u00e4\u00dfig vom Institut f\u00fcr Kunst und anderen F\u00e4cherngenutzt werden. &#8220;Diese R\u00e4umlichkeiten sind ein wichtiger \u00f6ffentlicher Raum f\u00fcr kulturelle und k\u00fcnstlerische Aktivit\u00e4ten\u201c, so<span class=\"s6\"> Anna Maria Spittler<\/span> von der Fachschaft Kunstp\u00e4dagogik.\u201eWir fordern das Land auf, die entsprechenden Mittel f\u00fcr die Sanierung bereitzustellen, statt St\u00fcck f\u00fcr St\u00fcck alle sanierungsbed\u00fcrftigen Liegenschaften der Universit\u00e4t zu verkaufen.\u201c<\/p>\n<p>Zudem kritisiert der AStA die mangelnde Partizipation und Einbindung der Studierenden und Mitarbeitenden, die von dem Verkauf unmittelbar betroffen sind. &#8220;Der Verkauf der AUB ohne angemessene Konsultation der betroffenen Studierenden und Mitarbeitenden stellt einen Verlust f\u00fcr die Vielfalt des kulturellen und k\u00fcnstlerischen Lebens an der JLU dar. Wir fordern das Land und den Landtag in Wiesbaden auf, die Bedenken der Studierenden und der \u00d6ffentlichkeit ernst zu nehmen und sicherzustellen, dass der Zugang zu diesen R\u00e4umlichkeiten und deren Nutzung f\u00fcr die Studierenden und die Gemeinschaft erhalten bleibt.&#8221;, \u00e4u\u00dfert sich AStA-Referentin Michaela Schmelzer. \u201eF\u00fcr uns ist und bleibt die AUB aufgrund ihrer Lage und Bekanntheit innerhalb der Stadtgesellschaft ein zentraler Veranstaltungsort\u201c, f\u00fcgt sie hinzu.<\/p>\n<p>Auch Vertreter von \u201eStadt f\u00fcr Alle\u201c-Gie\u00dfen kritisieren den Verkauf: \u201eWir sehen neben der Gentrifizierung in der unmittelbaren Nachbarschaft einen weiteren bedrohten \u00f6ffentlichen Raum. Hier geht es diesmal nicht um Wohnraum, vielmehr das Recht auf Stadt als Lebens- und Lernraum\u201c, gab die Initiative bekannt.<\/p>\n<p>&nbsp;<\/p>\n<p>Nun fordern die studentischen Vertretungen das Land und die Universit\u00e4t auf, endlich Klarheit und Transparenz herzustellen.<\/p>\n","protected":false},"excerpt":{"rendered":"<p>Gemeinsame Pressemitteilung &nbsp; Gie\u00dfen, 20.07.2023 &nbsp; Verkauf der Alten Universit\u00e4tsbibliothek: AStA und Fachschaften warnen vor Verlust von studentischem Raum &nbsp; Die geplante \u00dcbertragung der Alten &hellip; <\/p>\n","protected":false},"author":34,"featured_media":8329,"comment_status":"closed","ping_status":"closed","sticky":false,"template":"","format":"standard","meta":{"footnotes":""},"categories":[391,1,511,501],"tags":[],"class_list":["post-8328","post","type-post","status-publish","format-standard","has-post-thumbnail","hentry","category-aktuelles","category-allgemein","category-lehre","category-pressemitteilung","latest_post"],"translation":{"provider":"WPGlobus","version":"3.0.2","language":"en","enabled_languages":["de","en"],"languages":{"de":{"title":false,"content":true,"excerpt":false},"en":{"title":false,"content":false,"excerpt":false}}},"_links":{"self":[{"href":"https:\/\/www.asta-giessen.de\/en\/wp-json\/wp\/v2\/posts\/8328","targetHints":{"allow":["GET"]}}],"collection":[{"href":"https:\/\/www.asta-giessen.de\/en\/wp-json\/wp\/v2\/posts"}],"about":[{"href":"https:\/\/www.asta-giessen.de\/en\/wp-json\/wp\/v2\/types\/post"}],"author":[{"embeddable":true,"href":"https:\/\/www.asta-giessen.de\/en\/wp-json\/wp\/v2\/users\/34"}],"replies":[{"embeddable":true,"href":"https:\/\/www.asta-giessen.de\/en\/wp-json\/wp\/v2\/comments?post=8328"}],"version-history":[{"count":0,"href":"https:\/\/www.asta-giessen.de\/en\/wp-json\/wp\/v2\/posts\/8328\/revisions"}],"wp:featuredmedia":[{"embeddable":true,"href":"https:\/\/www.asta-giessen.de\/en\/wp-json\/wp\/v2\/media\/8329"}],"wp:attachment":[{"href":"https:\/\/www.asta-giessen.de\/en\/wp-json\/wp\/v2\/media?parent=8328"}],"wp:term":[{"taxonomy":"category","embeddable":true,"href":"https:\/\/www.asta-giessen.de\/en\/wp-json\/wp\/v2\/categories?post=8328"},{"taxonomy":"post_tag","embeddable":true,"href":"https:\/\/www.asta-giessen.de\/en\/wp-json\/wp\/v2\/tags?post=8328"}],"curies":[{"name":"wp","href":"https:\/\/api.w.org\/{rel}","templated":true}]}}