{"id":8390,"date":"2023-10-04T11:07:05","date_gmt":"2023-10-04T09:07:05","guid":{"rendered":"https:\/\/www.asta-giessen.de\/?p=8390"},"modified":"2023-10-04T12:06:51","modified_gmt":"2023-10-04T10:06:51","slug":"8390-2","status":"publish","type":"post","link":"https:\/\/www.asta-giessen.de\/en\/8390-2\/","title":{"rendered":""},"content":{"rendered":"<table style=\"color: var(--font-color); font-family: var(--primary-font); font-size: 18px;\">\n<tbody>\n<tr>\n<td width=\"601\">\n<h3><strong>WOCHE 1<\/strong><\/h3>\n<\/td>\n<\/tr>\n<tr>\n<td width=\"601\"><strong>Montag 16\/10<\/strong><\/td>\n<\/tr>\n<tr>\n<td width=\"601\"><strong>ROTER ABEND<\/strong><\/p>\n<p>Diskussionsrunde: Studieren als prek\u00e4re Arbeiter*innen Kinder, Chancengleichheit, Migration &amp; linkes Selbstverst\u00e4ndnis<\/p>\n<p>Getr\u00e4nke, Snacks und Sticker vor Ort!<\/p>\n<p>Start 18 Uhr<\/p>\n<p>Linken B\u00fcro am Markplatz 2<\/td>\n<\/tr>\n<tr>\n<td width=\"601\"><\/td>\n<\/tr>\n<tr>\n<td width=\"601\"><strong>Dienstag 17\/10<\/strong><\/td>\n<\/tr>\n<tr>\n<td width=\"601\"><strong>REVOLUTION ODER REFORM?<\/strong><\/p>\n<p>Sozialistische Lehren des Prager Fr\u00fchlings. Vortrag und Diskussion<\/p>\n<p>Start 17 Uhr<\/p>\n<p>AUB 2, Bismarkstra\u00dfe 37<\/td>\n<\/tr>\n<tr>\n<td width=\"601\"><\/td>\n<\/tr>\n<tr>\n<td width=\"601\"><strong>Mittwoch 18\/10<\/strong><\/td>\n<\/tr>\n<tr>\n<td width=\"601\"><strong>DAS \u201cBRAUNE\u201d GIESSEN<\/strong><\/p>\n<p>Stadtf\u00fchrung auf den Spuren einer Stadt im Nationalsozialismus<\/p>\n<p>Start 17 Uhr<\/p>\n<p>UHG Vorplatz, Ludwigstra\u00dfe 23<\/td>\n<\/tr>\n<tr>\n<td width=\"601\"><\/td>\n<\/tr>\n<tr>\n<td width=\"601\"><strong>KNEIPENABEND OAT<\/strong><\/p>\n<p>Organisiert durch das offene antifaschistische Treffen im linken Kulturzentrum AK 44<\/p>\n<p>Start 19 Uhr<\/p>\n<p>AK, Alter Wetzlarer Weg 44<\/td>\n<\/tr>\n<tr>\n<td width=\"601\"><\/td>\n<\/tr>\n<tr>\n<td width=\"601\"><strong>Donnerstag 19\/10<\/strong><\/td>\n<\/tr>\n<tr>\n<td width=\"601\"><strong>PERMAKULTUR UND YOGA<\/strong><\/p>\n<p>Workshops zu Permakultur und Fermentation sowie vorab Yoga-Session. Am Campusgarten, unterst\u00fctzt durch das \u00d6ko-Referat des AStAs<\/p>\n<p>Start: 13 bis 16:30<\/p>\n<p>Heinrich-Buff-Ring, hinter dem IFZ<\/td>\n<\/tr>\n<tr>\n<td width=\"601\"><strong>WIRTSCHAFT MIT PLAN<\/strong><\/td>\n<\/tr>\n<tr>\n<td width=\"601\"><strong>Wie war es, wie k\u00f6nnte es sein?<\/strong><\/p>\n<p>Vortrag von ARAG und PolBil Referat des AStAs<\/p>\n<p>Start: 19 Uhr<\/p>\n<p>Anschlussverwendung, Gr\u00fcnbergerstr. 22<\/td>\n<\/tr>\n<tr>\n<td width=\"601\"><\/td>\n<\/tr>\n<tr>\n<td width=\"601\"><strong>Freitag 20\/10<\/strong><\/td>\n<\/tr>\n<tr>\n<td width=\"601\"><strong>HERBSTFEST AK44<\/strong><\/p>\n<p>Lesung: Punk as Fuck &#8211; \u00fcber Sexismus in der Szene<\/p>\n<p>Vortrag S.E. Vio.me \u2013 Die selbstorganisierte Seifenfabrik Thessaloniki<\/p>\n<p>Bands: Neuzeit Kollektiv \/ Der Gang_350 \/ Heidihole \/ Fatigue<\/p>\n<p>Start: 16 Uhr<\/p>\n<p>AK, Alter Wetzlarer Weg 44<\/td>\n<\/tr>\n<tr>\n<td width=\"601\"><\/td>\n<\/tr>\n<tr>\n<td width=\"601\"><strong>Samstag 21\/10<\/strong><\/td>\n<\/tr>\n<tr>\n<td width=\"601\"><strong>CLEANUP DEMO<\/strong><\/td>\n<\/tr>\n<tr>\n<td width=\"601\">Gemeinsam mit nicer Musik, guter Laune und tollen Menschen ziehen wir durch die Stra\u00dfen f\u00fcr eine saubere Umwelt und gegen Umweltverschmutzung &#8211; M\u00fcll geh\u00f6rt nicht in die Umwelt !<\/p>\n<p>Start 13 Uhr<\/p>\n<p>Messeplatz Ringallee<\/td>\n<\/tr>\n<\/tbody>\n<\/table>\n<p>&nbsp;<\/p>\n<table>\n<tbody>\n<tr>\n<td width=\"601\">\n<h3>WOCHE 2<\/h3>\n<\/td>\n<\/tr>\n<tr>\n<td width=\"601\"><strong>Montag 23\/10<\/strong><\/td>\n<\/tr>\n<tr>\n<td width=\"601\"><strong>RASSISMUS IN DER SCHULE<\/strong><\/p>\n<p>Vortrag von Valeska Klett<\/p>\n<p>Start 14 Uhr<\/p>\n<p>Raum SR 103, SEM II Philosphikum I<\/td>\n<\/tr>\n<tr>\n<td width=\"601\"><\/td>\n<\/tr>\n<tr>\n<td width=\"601\"><strong>GENDERN?<\/strong><\/td>\n<\/tr>\n<tr>\n<td width=\"601\"><strong>JA, ABER BITTE (WIRKLICH) INKLUSIV<\/strong><\/p>\n<p>Vortrag mit anschlie\u00dfender Diskussion<\/p>\n<p>Start 16 Uhr<\/p>\n<p>Ort wird auf Insta und AStA Webseite ver\u00f6ffentlicht<\/td>\n<\/tr>\n<tr>\n<td width=\"601\"><\/td>\n<\/tr>\n<tr>\n<td width=\"601\"><strong>Dienstag 24\/10<\/strong><\/td>\n<\/tr>\n<tr>\n<td width=\"601\"><strong>VERRATENE REVOLUTION<\/strong><\/p>\n<p><strong>Leo Trotzki und die Kritik am Stalinismus<\/strong><\/p>\n<p>Vortrag und Diskussion<\/p>\n<p>Start 17 Uhr<\/p>\n<p>AUB 2, Bismarckstra\u00dfe 37<\/td>\n<\/tr>\n<tr>\n<td width=\"601\"><\/td>\n<\/tr>\n<tr>\n<td width=\"601\"><strong>NEBENJOBS IM STUDIUM<\/strong><\/td>\n<\/tr>\n<tr>\n<td width=\"601\">Vortrag von NGG &#8211; Gewerkschaft<\/p>\n<p>Start 18:30 Uhr<\/p>\n<p>Raum SR 103, SEM II Philosphikum I<\/td>\n<\/tr>\n<tr>\n<td width=\"601\"><\/td>\n<\/tr>\n<tr>\n<td width=\"601\"><strong>Mittwoch 25\/10<\/strong><\/td>\n<\/tr>\n<tr>\n<td width=\"601\"><strong>\u00dcBERF\u00c4LLIG<\/strong><\/td>\n<\/tr>\n<tr>\n<td width=\"601\"><strong>WARUM VERH\u00dcTUNG AUCH M\u00c4NNERSACHE IST<\/strong><\/p>\n<p>Vortrag und Diskussion mit dem B\u00fcro f\u00fcr Frauen und Gleichberechtigung sowie QFF||R<\/p>\n<p>Start 17:30 Uhr<\/p>\n<p>Netanya-Saal im Alten Schloss, Brandtplatz 2<\/td>\n<\/tr>\n<tr>\n<td width=\"601\"><strong>ZOCKEN MIT ZECKEN<\/strong><\/td>\n<\/tr>\n<tr>\n<td width=\"601\">Spiele-Abend mit Brettspielen, linkem Werwolf und Klassenkampf Getr\u00e4nke, Snacks und Sticker vor Ort!<\/p>\n<p>Start: 20 Uhr<\/p>\n<p>Linken B\u00fcro, am Marktplatz 2<\/p>\n<p>&nbsp;<\/p>\n<p><strong>Donnerstag 26\/10<\/strong><\/td>\n<\/tr>\n<tr>\n<td width=\"601\"><strong><span style=\"color: var(--font-color); font-family: inherit; font-size: inherit;\">BURSCHENSCHAFTEN<\/span><\/strong><\/p>\n<p>Vortrag vom Referat f\u00fcr politische Bildung des AStAs der JLU Gie\u00dfen<\/p>\n<p>Start: 18:30 Uhr<\/p>\n<p>Ort wird auf Instagram und der AStA Webseite ver\u00f6ffentlicht<\/td>\n<\/tr>\n<tr>\n<td width=\"601\"><strong>Freitag 27\/10<\/strong><\/td>\n<\/tr>\n<tr>\n<td width=\"601\"><strong>EXKURSION HADAMAR<\/strong><\/td>\n<\/tr>\n<tr>\n<td width=\"601\">Exkursion mit Workshop in der Gedenkst\u00e4tte Hadamar, veranstaltet durch QFF||R<\/p>\n<p>Kostenfrei, Anmeldung per Mail n\u00f6tig (<a href=\"mailto:qffr@asta-giessen.de\">qffr@asta-giessen.de<\/a>)<\/p>\n<p>Workshop: 13-16 Uhr, Deutsche Lautsprache<\/p>\n<p>Treffpunkt 12:40 am Bahnhof Hadamar (im G\u00fcltigkeitsbereich des Tickets)<\/td>\n<\/tr>\n<\/tbody>\n<\/table>\n<p><strong>**<\/strong> Die kriEWo wird organiert als ein B\u00fcndnis diverser (studentischer) Initiativen. Der AStA ist nicht Veranstalter der kritischen Einf\u00fchrungswochen, sondern nimmt mit Veranstaltungen an den Wochen teil.<\/p>\n","protected":false},"excerpt":{"rendered":"<p>WOCHE 1 Montag 16\/10 ROTER ABEND Diskussionsrunde: Studieren als prek\u00e4re Arbeiter*innen Kinder, Chancengleichheit, Migration &amp; linkes Selbstverst\u00e4ndnis Getr\u00e4nke, Snacks und Sticker vor Ort! Start 18 &hellip; <\/p>\n","protected":false},"author":34,"featured_media":8391,"comment_status":"closed","ping_status":"closed","sticky":false,"template":"","format":"standard","meta":{"footnotes":""},"categories":[1],"tags":[],"class_list":["post-8390","post","type-post","status-publish","format-standard","has-post-thumbnail","hentry","category-allgemein","latest_post"],"translation":{"provider":"WPGlobus","version":"3.0.2","language":"en","enabled_languages":["de","en"],"languages":{"de":{"title":false,"content":true,"excerpt":false},"en":{"title":false,"content":false,"excerpt":false}}},"_links":{"self":[{"href":"https:\/\/www.asta-giessen.de\/en\/wp-json\/wp\/v2\/posts\/8390","targetHints":{"allow":["GET"]}}],"collection":[{"href":"https:\/\/www.asta-giessen.de\/en\/wp-json\/wp\/v2\/posts"}],"about":[{"href":"https:\/\/www.asta-giessen.de\/en\/wp-json\/wp\/v2\/types\/post"}],"author":[{"embeddable":true,"href":"https:\/\/www.asta-giessen.de\/en\/wp-json\/wp\/v2\/users\/34"}],"replies":[{"embeddable":true,"href":"https:\/\/www.asta-giessen.de\/en\/wp-json\/wp\/v2\/comments?post=8390"}],"version-history":[{"count":0,"href":"https:\/\/www.asta-giessen.de\/en\/wp-json\/wp\/v2\/posts\/8390\/revisions"}],"wp:featuredmedia":[{"embeddable":true,"href":"https:\/\/www.asta-giessen.de\/en\/wp-json\/wp\/v2\/media\/8391"}],"wp:attachment":[{"href":"https:\/\/www.asta-giessen.de\/en\/wp-json\/wp\/v2\/media?parent=8390"}],"wp:term":[{"taxonomy":"category","embeddable":true,"href":"https:\/\/www.asta-giessen.de\/en\/wp-json\/wp\/v2\/categories?post=8390"},{"taxonomy":"post_tag","embeddable":true,"href":"https:\/\/www.asta-giessen.de\/en\/wp-json\/wp\/v2\/tags?post=8390"}],"curies":[{"name":"wp","href":"https:\/\/api.w.org\/{rel}","templated":true}]}}