{"id":8531,"date":"2023-11-27T14:12:00","date_gmt":"2023-11-27T13:12:00","guid":{"rendered":"https:\/\/www.asta-giessen.de\/?p=8531"},"modified":"2023-11-27T18:19:41","modified_gmt":"2023-11-27T17:19:41","slug":"tvstud_aktionswoche_programm","status":"publish","type":"post","link":"https:\/\/www.asta-giessen.de\/en\/tvstud_aktionswoche_programm\/","title":{"rendered":""},"content":{"rendered":"<h4>Hilfskr\u00e4fte aufgepasst: Das Programm in Gie\u00dfen zur hessenweiten TVStud-Aktionswoche!<\/h4>\n<p><span style=\"color: var(--font-color); font-family: var(--primary-font);\">Mit den Beschl\u00fcssen der GEW- und ver.di-Tarifkommissionen zur kommenden Tarifrunde \u00f6ffentlicher Dienst in Hessen (TV-H) steht fest: Die Gewerkschaften machen die Tarifierung der Arbeitsbedingungen von studentischen Hilfskr\u00e4ften zum Bestandteil der Verhandlungen in der Tarifrunde des Landes Hessen. Die Tarifkommissionen haben mit ihren Beschl\u00fcssen u.a. in den Bereichen Lohn, Urlaub und Vertragslaufzeiten festgelegt, wie eine Aufnahme von studentischen Besch\u00e4ftigten in den TV-H aussehen soll.\u00a0<\/span><\/p>\n<p><a href=\"https:\/\/www.asta-giessen.de\/wp-content\/uploads\/2023\/11\/photo_2023-11-23_14-25-16.jpg\"><a href=\"https:\/\/www.asta-giessen.de\/wp-content\/uploads\/2023\/11\/TV-Stud-Flugblatt-TV-Land-Hessen-Nr-1-web.pdf\" class=\"pdfemb-viewer\" style=\"height: 800px; \" data-width=\"max\" data-height=\"800\" data-mobile-width=\"500\"  data-scrollbar=\"none\" data-download=\"on\" data-tracking=\"on\" data-newwindow=\"on\" data-pagetextbox=\"off\" data-scrolltotop=\"off\" data-startzoom=\"100\" data-startfpzoom=\"100\" data-toolbar=\"top\" data-toolbar-fixed=\"off\">TV Stud Flugblatt TV Land Hessen Nr 1 - web<br\/><\/a><\/a><\/p>\n<hr \/>\n<p>Um diesen Forderungen Nachdruck zu verleihen, finden vom 4.-6. Dezember an den hessischen Hochschulstandorten Kassel, Marburg, Gie\u00dfen, Frankfurt und Darmstadt Aktionen und Veranstaltungen statt.<\/p>\n<h5><strong>Das Programm in Gie\u00dfen:<\/strong><\/h5>\n<p><strong>Donnerstag (30.11.)<\/strong><\/p>\n<ul>\n<li>16-19 Uhr:<strong> WORKSHOP ARBEITSRECHT f\u00fcr studentische Hilfskr\u00e4fte<\/strong> (16-19 Uhr, Alte UB, Bismarckstr. 37, Raum AUB 1)<\/li>\n<\/ul>\n<p><strong>Montag (04.12.)<\/strong><\/p>\n<ul>\n<li><strong>Gemeinsamer Weihnachtsmarktbesuch<\/strong>, Treffpunkt 19 Uhr, Berliner Platz<\/li>\n<\/ul>\n<p><strong>Dienstag (05.12.)<\/strong><\/p>\n<ul>\n<li>12-14 Uhr: <strong>Infostand vor dem Hochschulrechenzentrum (HRZ),<\/strong> NaWi-Campus<\/li>\n<\/ul>\n<p><strong>Mittwoch (06.12.)<\/strong><\/p>\n<ul>\n<li>12-14 Uhr: <strong>Nikol\u00e4use f\u00fcr Hilfskr\u00e4fte!<\/strong> Gl\u00fchwein, Kakao und Lebkuchen f\u00fcr alle! (vor der Mensa OBS)<\/li>\n<li>18 Uhr: <b>VOLLVERSAMMLUNG aller studentischen Hilfskr\u00e4fte <\/b>(AStA, Otto-Behaghel-Stra\u00dfe 25D)<\/li>\n<\/ul>\n<p><strong>Donnerstag (07.12.)<\/strong><\/p>\n<ul>\n<li>12-14 Uhr: <strong>Infostand vor der UB,<\/strong> Philosophikum I<\/li>\n<li>20 Uhr: <strong>Offene Weihnachtsfeier der DGB-Jugend<\/strong> (DGB Haus, 7. Stock, Walltorstra\u00dfe 17)<\/li>\n<\/ul>\n<hr \/>\n<p><a href=\"https:\/\/www.asta-giessen.de\/autonome-referate\/hilfskraefte\/\">Zur Seite des Autonomen Hilfskr\u00e4ftereferat (AHKR) des AStA\u00a0<\/a><\/p>\n<p><a href=\"https:\/\/t.me\/+OyOaTJCz7_9jMmMy\">Telegramgruppe zur Vernetzung f\u00fcr alle Hilfskr\u00e4fte<\/a><\/p>\n","protected":false},"excerpt":{"rendered":"<p>Hilfskr\u00e4fte aufgepasst: Das Programm in Gie\u00dfen zur hessenweiten TVStud-Aktionswoche! Mit den Beschl\u00fcssen der GEW- und ver.di-Tarifkommissionen zur kommenden Tarifrunde \u00f6ffentlicher Dienst in Hessen (TV-H) steht &hellip; <\/p>\n","protected":false},"author":34,"featured_media":8541,"comment_status":"closed","ping_status":"closed","sticky":false,"template":"","format":"standard","meta":{"footnotes":""},"categories":[1,505],"tags":[],"class_list":["post-8531","post","type-post","status-publish","format-standard","has-post-thumbnail","hentry","category-allgemein","category-studentische-hilfskraefte-referat","latest_post"],"translation":{"provider":"WPGlobus","version":"3.0.2","language":"en","enabled_languages":["de","en"],"languages":{"de":{"title":false,"content":true,"excerpt":false},"en":{"title":false,"content":false,"excerpt":false}}},"_links":{"self":[{"href":"https:\/\/www.asta-giessen.de\/en\/wp-json\/wp\/v2\/posts\/8531","targetHints":{"allow":["GET"]}}],"collection":[{"href":"https:\/\/www.asta-giessen.de\/en\/wp-json\/wp\/v2\/posts"}],"about":[{"href":"https:\/\/www.asta-giessen.de\/en\/wp-json\/wp\/v2\/types\/post"}],"author":[{"embeddable":true,"href":"https:\/\/www.asta-giessen.de\/en\/wp-json\/wp\/v2\/users\/34"}],"replies":[{"embeddable":true,"href":"https:\/\/www.asta-giessen.de\/en\/wp-json\/wp\/v2\/comments?post=8531"}],"version-history":[{"count":0,"href":"https:\/\/www.asta-giessen.de\/en\/wp-json\/wp\/v2\/posts\/8531\/revisions"}],"wp:featuredmedia":[{"embeddable":true,"href":"https:\/\/www.asta-giessen.de\/en\/wp-json\/wp\/v2\/media\/8541"}],"wp:attachment":[{"href":"https:\/\/www.asta-giessen.de\/en\/wp-json\/wp\/v2\/media?parent=8531"}],"wp:term":[{"taxonomy":"category","embeddable":true,"href":"https:\/\/www.asta-giessen.de\/en\/wp-json\/wp\/v2\/categories?post=8531"},{"taxonomy":"post_tag","embeddable":true,"href":"https:\/\/www.asta-giessen.de\/en\/wp-json\/wp\/v2\/tags?post=8531"}],"curies":[{"name":"wp","href":"https:\/\/api.w.org\/{rel}","templated":true}]}}